{"id":23173,"date":"2022-01-24T16:33:49","date_gmt":"2022-01-24T14:33:49","guid":{"rendered":"https:\/\/prod-clubblog.robinson.plusline.net\/blog\/?p=23173"},"modified":"2022-01-24T17:11:46","modified_gmt":"2022-01-24T15:11:46","slug":"fuers-wochenende-nach-mallorca","status":"publish","type":"post","link":"https:\/\/www.robinson.com\/blog\/fuers-wochenende-nach-mallorca\/","title":{"rendered":"F\u00fcrs Wochenende nach Mallorca: die besten Tipps f\u00fcr eine kurze Insel-Auszeit"},"content":{"rendered":"<p>Gute Gr\u00fcnde f\u00fcr einen Mallorca Kurztrip gibt es viele: Vielleicht willst du dich weit weg vom Schmuddelwetter in Deutschland durch die warmen Gassen von Palma de Mallorca treiben lassen, in einer traumhaften Bucht mit Blick aufs Meer Sonne tanken oder ein aufregendes Party Wochenende auf Mallorca verbringen? Nach nur zwei Stunden Flugzeit bist du da!<br \/>\nEin klassisches Mallorca Wochenende mit Flug und Hotel beginnt am Freitag und endet Sonntagabend. Du wirst \u00fcberrascht sein, wie viel Urlaub in diese drei Tage hineinpasst.<\/p>\n<hr \/>\n<p><strong>Das erwartet dich in diesem Beitrag:<\/strong><\/p>\n<ol>\n<li><a href=\"#palma\">Ankommen und Palma erkunden<\/a><\/li>\n<li><a href=\"#insel-entdecken\">Ein Wochenende auf Mallorca: die Insel entdecken<\/a><\/li>\n<li><a href=\"#ballermann\">Mallorca Wochenende: Ballermann und Partyn\u00e4chte<\/a><\/li>\n<li><a href=\"#mallorca-strand\">Ein Wochenende in Mallorca ohne Strand? Undenkbar!<\/a><\/li>\n<li><a href=\"#mallorca-mit-flug\">Kurztrip Mallorca mit Flug: unvergessliche Tage am Meer verbringen<\/a><\/li>\n<li><a href=\"#faq-mallorca\">FAQ rund um dein Mallorca Wochenende (mit Flug)<\/a><\/li>\n<\/ol>\n<hr \/>\n<h2 id=\"palma\">Ankommen und Palma erkunden<\/h2>\n<p><img decoding=\"async\" loading=\"lazy\" class=\"size-textwidth wp-image-16461 alignnone\" src=\"https:\/\/www.robinson.com\/blog\/wp-content\/uploads\/2019\/07\/Best_of_Best_of_Mallorca_Best_of_Mallorca_Palma_City_30-719x479.jpg\" alt=\"Kathedrale Palma City Mallorca\" width=\"719\" height=\"479\" \/><\/p>\n<p>Raus aus dem Flugzeug \u2013 rein ins pittoreske Gassengewirr von <strong>Palmas Altstadt<\/strong>. Entspannt ankommen f\u00e4llt hier leicht. Die bekanntesten Sehensw\u00fcrdigkeiten liegen eigentlich immer auf dem Weg. Ist es dein erster Kurztrip nach Mallorca, darfst du keinesfalls die Highlights verpassen. Einen tollen \u00dcberblick \u00fcber Palma verschaffst du dir vom Castell de Bellver aus. Nach einer kurzen Besichtigung der einstigen Verteidigungslage geht es hinunter zum <strong>quirligen Hafen<\/strong>. Dort atmest du nicht nur maritimes Flair, sondern kannst im Rivareno auch das vielleicht beste Eis der Insel bestellen. Mit der Waffel in der Hand erreichst du im Nu den beeindruckenden <strong>Almudaina-Palast<\/strong>, offizielle Residenz der spanischen K\u00f6nigsfamilie auf Mallorca. Ihm gegen\u00fcber reckt sich die Kathedrale la Seu, das wichtigste Wahrzeichen von Palma, in den blauen Himmel.<\/p>\n<p><img decoding=\"async\" loading=\"lazy\" class=\"size-textwidth wp-image-16457 alignnone\" src=\"https:\/\/www.robinson.com\/blog\/wp-content\/uploads\/2019\/07\/Mallorca_Palma_City_11-719x479.jpg\" alt=\"Springbrunnen Altstadt Palma Mallorca\" width=\"719\" height=\"479\" \/><br \/>\nDanach ist es h\u00f6chste Zeit f\u00fcr einen ersten Caf\u00e9 con Leche \u2013 am besten in einem der vielen Caf\u00e9s und Bars rund um die <strong>Plaza Mayor<\/strong>. Sind die F\u00fc\u00dfe wieder ausgeruht, darf es gerne noch ein Shopping-Bummel durch Palma sein. Designer-L\u00e4den reihen sich am Paseo del Borne und der Avenida Jaime III. aneinander. Erschwinglicher wird es in den kleine Boutiquen und bei den bekannten Marken in der Calle San Miguel. Endg\u00fcltig im spanischen Lebensgef\u00fchl angekommen bist du am Freitagabend in der Bar Espa\u00f1a. Dort sitzt du entweder in einer typischen <strong>Tapas-Bar<\/strong> oder im Restaurant-Bereich. (Daf\u00fcr unbedingt reservieren!) Dieser Geheimtipp liegt in einer kleinen Nebengasse nahe der Plaza Major und wird vor allem von Mallorquinern besucht. Die schw\u00e4rmen unter anderem von der leckeren Tortilla.<\/p>\n<h2 id=\"insel-entdecken\">Ein Wochenende auf Mallorca: die Insel entdecken<\/h2>\n<p><img decoding=\"async\" loading=\"lazy\" class=\"size-textwidth wp-image-23193 alignnone\" src=\"https:\/\/www.robinson.com\/blog\/wp-content\/uploads\/2022\/01\/deia-mallorca-by-dr-argan-pixbay-719x539.jpg\" alt=\"Dorf Deia auf Mallorca\" width=\"719\" height=\"539\" srcset=\"https:\/\/www.robinson.com\/blog\/wp-content\/uploads\/2022\/01\/deia-mallorca-by-dr-argan-pixbay-719x539.jpg 719w, https:\/\/www.robinson.com\/blog\/wp-content\/uploads\/2022\/01\/deia-mallorca-by-dr-argan-pixbay-300x225.jpg 300w, https:\/\/www.robinson.com\/blog\/wp-content\/uploads\/2022\/01\/deia-mallorca-by-dr-argan-pixbay-768x576.jpg 768w, https:\/\/www.robinson.com\/blog\/wp-content\/uploads\/2022\/01\/deia-mallorca-by-dr-argan-pixbay-570x427.jpg 570w, https:\/\/www.robinson.com\/blog\/wp-content\/uploads\/2022\/01\/deia-mallorca-by-dr-argan-pixbay-1438x1078.jpg 1438w, https:\/\/www.robinson.com\/blog\/wp-content\/uploads\/2022\/01\/deia-mallorca-by-dr-argan-pixbay-912x684.jpg 912w, https:\/\/www.robinson.com\/blog\/wp-content\/uploads\/2022\/01\/deia-mallorca-by-dr-argan-pixbay-1824x1367.jpg 1824w, https:\/\/www.robinson.com\/blog\/wp-content\/uploads\/2022\/01\/deia-mallorca-by-dr-argan-pixbay-1072x803.jpg 1072w, https:\/\/www.robinson.com\/blog\/wp-content\/uploads\/2022\/01\/deia-mallorca-by-dr-argan-pixbay.jpg 1920w\" sizes=\"(max-width: 719px) 100vw, 719px\" \/><\/p>\n<p>Willst du bei deinem Kurztrip Mallorca mit all seinen Facetten kennenlernen, mietest du dir am Samstag am besten einen Leihwagen und startest in Richtung <strong>Serra de Tramuntana<\/strong>, dem wildromantischen Gebirgszug im Inselwesten. Im D\u00f6rfchen <strong>Valldemossa<\/strong> verbrachte Fr\u00e9d\u00e9ric Chopin einen Winter mit seiner Geliebten George Sand. Von dort erreichst du \u00fcber eine kurvige K\u00fcstenstra\u00dfe <strong>Deia<\/strong>, das K\u00fcnstlerdorf Mallorcas. Durchs \u201eOrangental\u201c geht es weiter nach <strong>Soller,<\/strong> einem lebendigen Bergst\u00e4dtchen. Hier kannst du in die nostalgische Stra\u00dfenbahn umsteigen und im f\u00fcnf Kilometer entfernten <strong>Port de Soller<\/strong> lebhaftes Hafenflair genie\u00dfen.<\/p>\n<figure id=\"attachment_14637\" aria-describedby=\"caption-attachment-14637\" style=\"width: 719px\" class=\"wp-caption alignnone\"><img decoding=\"async\" loading=\"lazy\" class=\"size-textwidth wp-image-14637\" src=\"https:\/\/www.robinson.com\/blog\/wp-content\/uploads\/2018\/09\/Mallorca_Valldemossa_15-719x479.jpg\" alt=\"Ausblick auf Valldemossa\" width=\"719\" height=\"479\" srcset=\"https:\/\/www.robinson.com\/blog\/wp-content\/uploads\/2018\/09\/Mallorca_Valldemossa_15-719x479.jpg 719w, https:\/\/www.robinson.com\/blog\/wp-content\/uploads\/2018\/09\/Mallorca_Valldemossa_15-300x200.jpg 300w, https:\/\/www.robinson.com\/blog\/wp-content\/uploads\/2018\/09\/Mallorca_Valldemossa_15-768x512.jpg 768w, https:\/\/www.robinson.com\/blog\/wp-content\/uploads\/2018\/09\/Mallorca_Valldemossa_15-570x380.jpg 570w, https:\/\/www.robinson.com\/blog\/wp-content\/uploads\/2018\/09\/Mallorca_Valldemossa_15-1438x959.jpg 1438w, https:\/\/www.robinson.com\/blog\/wp-content\/uploads\/2018\/09\/Mallorca_Valldemossa_15-912x608.jpg 912w, https:\/\/www.robinson.com\/blog\/wp-content\/uploads\/2018\/09\/Mallorca_Valldemossa_15-1824x1216.jpg 1824w, https:\/\/www.robinson.com\/blog\/wp-content\/uploads\/2018\/09\/Mallorca_Valldemossa_15-1072x715.jpg 1072w\" sizes=\"(max-width: 719px) 100vw, 719px\" \/><figcaption id=\"caption-attachment-14637\" class=\"wp-caption-text\">Ein Abstecher durch Valldemossa geh\u00f6rt auch f\u00fcr Wanderer zum Pflichtprogramm<\/figcaption><\/figure>\n<h2 id=\"ballermann\">Mallorca Wochenende: Ballermann und Partyn\u00e4chte<\/h2>\n<p><img decoding=\"async\" loading=\"lazy\" class=\"size-textwidth wp-image-18711 alignnone\" src=\"https:\/\/www.robinson.com\/blog\/wp-content\/uploads\/2019\/07\/Robinson-Club-Cala-Serena-719x479.jpg\" alt=\"P\u00e4rchen im ROBINSON Club Cala Serena auf Mallorca blickt auf den Pool und das Meer\" width=\"719\" height=\"479\" srcset=\"https:\/\/www.robinson.com\/blog\/wp-content\/uploads\/2019\/07\/Robinson-Club-Cala-Serena-719x479.jpg 719w, https:\/\/www.robinson.com\/blog\/wp-content\/uploads\/2019\/07\/Robinson-Club-Cala-Serena-300x200.jpg 300w, https:\/\/www.robinson.com\/blog\/wp-content\/uploads\/2019\/07\/Robinson-Club-Cala-Serena-768x512.jpg 768w, https:\/\/www.robinson.com\/blog\/wp-content\/uploads\/2019\/07\/Robinson-Club-Cala-Serena-570x380.jpg 570w, https:\/\/www.robinson.com\/blog\/wp-content\/uploads\/2019\/07\/Robinson-Club-Cala-Serena-1438x958.jpg 1438w, https:\/\/www.robinson.com\/blog\/wp-content\/uploads\/2019\/07\/Robinson-Club-Cala-Serena-912x608.jpg 912w, https:\/\/www.robinson.com\/blog\/wp-content\/uploads\/2019\/07\/Robinson-Club-Cala-Serena-1824x1216.jpg 1824w, https:\/\/www.robinson.com\/blog\/wp-content\/uploads\/2019\/07\/Robinson-Club-Cala-Serena-1072x714.jpg 1072w\" sizes=\"(max-width: 719px) 100vw, 719px\" \/><\/p>\n<p>\u00dcbers Wochenende nach Mallorca, um Party zu machen? Dann verbringst du den Samstagsabend wahrscheinlich in <strong>El Arenal<\/strong> mit Ballermann, Schinkenstra\u00dfe und Co. und kehrst erst am fr\u00fchen Morgen in dein Hotel zur\u00fcck.<br \/>\nNicht ganz so ausschweifend, aber nicht weniger aufregend ist das Nachtleben in Palma de Mallorca mit ganz unterschiedlichen Clubs und Discotheken wie dem Tito\u2019s International Club, dem Jazz Voyeur Club oder dem Kaelum Club.<br \/>\nTolle Ausgehm\u00f6glichkeiten mit Live-Musik, Pubs und Bars gibt es auch in den kleineren Ferienorten der Insel wie <strong>Cala Millor, Can Picafort oder Cala d\u2019Or<\/strong>.<\/p>\n<p><strong>Tipp: Im sch\u00f6nen Ferienort Cala d`Or findest du unseren <a href=\"https:\/\/www.robinson.com\/de\/de\/cluburlaub\/spanien\/cala-serena\/club-details\/\" target=\"_blank\" rel=\"noopener\">ROBINSON CALA SERENA<\/a> &#8211; den einzigen ROBINSON Club auf Mallorca.<\/strong><\/p>\n<h2 id=\"mallorca-strand\">Ein Wochenende in Mallorca ohne Strand? Undenkbar!<\/h2>\n<p><img decoding=\"async\" loading=\"lazy\" class=\"size-textwidth wp-image-23197 alignnone\" src=\"https:\/\/www.robinson.com\/blog\/wp-content\/uploads\/2022\/01\/strand-es-trenc-mallorca-719x539.jpg\" alt=\"Strand Es Trenc Mallorca\" width=\"719\" height=\"539\" srcset=\"https:\/\/www.robinson.com\/blog\/wp-content\/uploads\/2022\/01\/strand-es-trenc-mallorca-719x539.jpg 719w, https:\/\/www.robinson.com\/blog\/wp-content\/uploads\/2022\/01\/strand-es-trenc-mallorca-300x225.jpg 300w, https:\/\/www.robinson.com\/blog\/wp-content\/uploads\/2022\/01\/strand-es-trenc-mallorca-768x576.jpg 768w, https:\/\/www.robinson.com\/blog\/wp-content\/uploads\/2022\/01\/strand-es-trenc-mallorca-570x428.jpg 570w, https:\/\/www.robinson.com\/blog\/wp-content\/uploads\/2022\/01\/strand-es-trenc-mallorca-1438x1079.jpg 1438w, https:\/\/www.robinson.com\/blog\/wp-content\/uploads\/2022\/01\/strand-es-trenc-mallorca-912x684.jpg 912w, https:\/\/www.robinson.com\/blog\/wp-content\/uploads\/2022\/01\/strand-es-trenc-mallorca-1824x1368.jpg 1824w, https:\/\/www.robinson.com\/blog\/wp-content\/uploads\/2022\/01\/strand-es-trenc-mallorca-1072x804.jpg 1072w, https:\/\/www.robinson.com\/blog\/wp-content\/uploads\/2022\/01\/strand-es-trenc-mallorca.jpg 1920w\" sizes=\"(max-width: 719px) 100vw, 719px\" \/><\/p>\n<p>Ein perfektes Wochenende in Mallorca wird es erst mit einigen relaxten Stunden am Strand. Einer der sch\u00f6nsten Str\u00e4nde der Insel ist der Naturstrand<strong> Es Trenc<\/strong> zwischen Sa Rapita und Colona Sant Jordi. Kristallklares Wasser und wei\u00dfer Sand erinnern an die Karibik. Besonders sch\u00f6n: Statt Hotelbauten s\u00e4umen den Traumstrand unber\u00fchrte D\u00fcnen, Salzfelder und Pinienwald.<\/p>\n<h2 id=\"mallorca-mit-flug\">Kurztrip Mallorca mit Flug: unvergessliche Tage am Meer verbringen<\/h2>\n<p><img decoding=\"async\" loading=\"lazy\" class=\"size-textwidth wp-image-23199 alignnone\" src=\"https:\/\/www.robinson.com\/blog\/wp-content\/uploads\/2022\/01\/Mallorca_Rancho_Grande_52-719x479.jpg\" alt=\"Gitarrenmusik auf Mallorca\" width=\"719\" height=\"479\" srcset=\"https:\/\/www.robinson.com\/blog\/wp-content\/uploads\/2022\/01\/Mallorca_Rancho_Grande_52-719x479.jpg 719w, https:\/\/www.robinson.com\/blog\/wp-content\/uploads\/2022\/01\/Mallorca_Rancho_Grande_52-300x200.jpg 300w, https:\/\/www.robinson.com\/blog\/wp-content\/uploads\/2022\/01\/Mallorca_Rancho_Grande_52-768x512.jpg 768w, https:\/\/www.robinson.com\/blog\/wp-content\/uploads\/2022\/01\/Mallorca_Rancho_Grande_52-570x380.jpg 570w, https:\/\/www.robinson.com\/blog\/wp-content\/uploads\/2022\/01\/Mallorca_Rancho_Grande_52-1438x959.jpg 1438w, https:\/\/www.robinson.com\/blog\/wp-content\/uploads\/2022\/01\/Mallorca_Rancho_Grande_52-912x608.jpg 912w, https:\/\/www.robinson.com\/blog\/wp-content\/uploads\/2022\/01\/Mallorca_Rancho_Grande_52-1824x1216.jpg 1824w, https:\/\/www.robinson.com\/blog\/wp-content\/uploads\/2022\/01\/Mallorca_Rancho_Grande_52-1072x715.jpg 1072w\" sizes=\"(max-width: 719px) 100vw, 719px\" \/><\/p>\n<p>Zum Junggesellenabschied ein Kurztrip nach Mallorca \u2013 das ist l\u00e4ngst ein Klassiker. Immer beliebter werden au\u00dferdem ein <strong>Golf Kurztrip<\/strong> nach Mallorca sowie ein <strong>Wellness Wochenende auf Mallorca<\/strong>. Sehnst du dich nach einer anstrengenden Zeit im Job danach, dich einmal um nichts k\u00fcmmern zu m\u00fcssen, buchst du f\u00fcr ein Wochenende Mallorca all inclusive.<br \/>\nPlanst du nicht gerade einen Silvester Kurztrip nach Mallorca, wird dein Mallorca Kurztrip last minute besonders g\u00fcnstig. Einfach das Mallorca Wetter am Wochenende checken \u2013 und spontan in die Sonne fliegen!<br \/>\n\u00dcbrigens: Auch ein Kurztrip nach Mallorca mit Kind macht Spa\u00df! Die Entfernungen auf der Insel sind ebenso \u00fcberschaubar wie die Flugzeit. So wird ein verl\u00e4ngertes Wochenende auf Mallorca auch mit der ganzen Familie rundum erlebnisreich und erholsam.<\/p>\n<h2 id=\"faq-mallorca\">FAQ rund um dein Mallorca Wochenende (mit Flug)<\/h2>\n<h3>1. Wie teuer ist eine Reise nach Mallorca?<\/h3>\n<p>Es gibt Angebote, bei denen ein Wochenende Mallorca 99 Euro kostet. Grunds\u00e4tzlich h\u00e4ngt der Gesamtreisepreis davon ab, zu welcher Jahreszeit du auf die Insel fliegst und welche Unterkunft du w\u00e4hlst. Wie hoch die \u201eNebenkosten\u201c ausfallen, liegt an dir: Willst du einen Mietwagen leihen, chic essen gehen und ausgiebig feiern? Oder nimmst du dir einfach ein Picknick mit an den Strand?<\/p>\n<h3>2. Kurztrip Mallorca: Was beachten?<\/h3>\n<p>Auch wenn Mallorca scherzhaft als \u201e17. Bundesland\u201c tituliert wird, geh\u00f6rt es doch zu Spanien. Du ben\u00f6tigst f\u00fcr deinen Mallorca Kurztrip mit Flug also einen g\u00fcltigen Personalausweis.<\/p>\n<h3>3. Wann nach Mallorca f\u00fcr ein Wochenende?<\/h3>\n<p>Ein Mallorca Kurztrip \u00fcbers Wochenende ist das ganze Jahr \u00fcber eine gute Idee. Im Sommer genie\u00dft du drei Tage Strandleben und Party, bei einem Kurztrip nach Mallorca zu Ostern noch das Ende der Mandelbl\u00fcte. In den Wintermonaten tauschst du das frostige Wetter in Deutschland gegen fr\u00fchlingshafte Temperaturen und lernst die Insel von ihrer ruhigen Seite kennen. Die Nebensaison ist auch ideal f\u00fcr ausgiebiges Sightseeing.<\/p>\n<p><script type=\"application\/ld+json\">\n    {\n      \"@context\": \"https:\/\/schema.org\",\n      \"@type\": \"FAQPage\",\n      \"mainEntity\": [{\n        \"@type\": \"Question\",\n        \"name\": \"Wie teuer ist eine Reise nach Mallorca?\",\n        \"acceptedAnswer\": {\n          \"@type\": \"Answer\",\n          \"text\": \"Es gibt Angebote, bei denen ein Wochenende Mallorca 99 Euro kostet. Grunds\u00e4tzlich h\u00e4ngt der Gesamtreisepreis davon ab, zu welcher Jahreszeit du auf die Insel fliegst und welche Unterkunft du w\u00e4hlst. Wie hoch die \u201eNebenkosten\u201c ausfallen, liegt an dir: Willst du einen Mietwagen leihen, chic essen gehen und ausgiebig feiern? Oder nimmst du dir einfach ein Picknick mit an den Strand?\"\n        }\n      }, {\n        \"@type\": \"Question\",\n        \"name\": \"Kurztrip Mallorca: Was beachten?\",\n        \"acceptedAnswer\": {\n          \"@type\": \"Answer\",\n          \"text\": \"Auch wenn Mallorca scherzhaft als \u201e17. Bundesland\u201c tituliert wird, geh\u00f6rt es doch zu Spanien. Du ben\u00f6tigst f\u00fcr deinen Mallorca Kurztrip mit Flug also einen g\u00fcltigen Personalausweis.\"\n        }\n      }, {\n        \"@type\": \"Question\",\n        \"name\": \"Wann nach Mallorca f\u00fcr ein Wochenende?\",\n        \"acceptedAnswer\": {\n          \"@type\": \"Answer\",\n          \"text\": \"Ein Mallorca Kurztrip \u00fcbers Wochenende ist das ganze Jahr \u00fcber eine gute Idee. Im Sommer genie\u00dft du drei Tage Strandleben und Party, bei einem Kurztrip nach Mallorca zu Ostern noch das Ende der Mandelbl\u00fcte. In den Wintermonaten tauschst du das frostige Wetter in Deutschland gegen fr\u00fchlingshafte Temperaturen und lernst die Insel von ihrer ruhigen Seite kennen. Die Nebensaison ist auch ideal f\u00fcr ausgiebiges Sightseeing.\"\n        }\n            }]\n    }\n<\/script><\/p>\n","protected":false},"excerpt":{"rendered":"<p>Gute Gr\u00fcnde f\u00fcr einen Mallorca Kurztrip gibt es viele: Vielleicht willst du dich weit\u2026<\/p>\n","protected":false},"author":1,"featured_media":21269,"comment_status":"closed","ping_status":"closed","sticky":false,"template":"","format":"standard","meta":{"footnotes":""},"categories":[1],"tags":[],"_links":{"self":[{"href":"https:\/\/www.robinson.com\/blog\/wp-json\/wp\/v2\/posts\/23173"}],"collection":[{"href":"https:\/\/www.robinson.com\/blog\/wp-json\/wp\/v2\/posts"}],"about":[{"href":"https:\/\/www.robinson.com\/blog\/wp-json\/wp\/v2\/types\/post"}],"author":[{"embeddable":true,"href":"https:\/\/www.robinson.com\/blog\/wp-json\/wp\/v2\/users\/1"}],"replies":[{"embeddable":true,"href":"https:\/\/www.robinson.com\/blog\/wp-json\/wp\/v2\/comments?post=23173"}],"version-history":[{"count":14,"href":"https:\/\/www.robinson.com\/blog\/wp-json\/wp\/v2\/posts\/23173\/revisions"}],"predecessor-version":[{"id":23223,"href":"https:\/\/www.robinson.com\/blog\/wp-json\/wp\/v2\/posts\/23173\/revisions\/23223"}],"wp:featuredmedia":[{"embeddable":true,"href":"https:\/\/www.robinson.com\/blog\/wp-json\/wp\/v2\/media\/21269"}],"wp:attachment":[{"href":"https:\/\/www.robinson.com\/blog\/wp-json\/wp\/v2\/media?parent=23173"}],"wp:term":[{"taxonomy":"category","embeddable":true,"href":"https:\/\/www.robinson.com\/blog\/wp-json\/wp\/v2\/categories?post=23173"},{"taxonomy":"post_tag","embeddable":true,"href":"https:\/\/www.robinson.com\/blog\/wp-json\/wp\/v2\/tags?post=23173"}],"curies":[{"name":"wp","href":"https:\/\/api.w.org\/{rel}","templated":true}]}}